{"id":668,"date":"2021-10-05T09:58:44","date_gmt":"2021-10-05T09:58:44","guid":{"rendered":"https:\/\/www.arteiasi.ro\/?p=668"},"modified":"2022-06-02T17:32:17","modified_gmt":"2022-06-02T17:32:17","slug":"iasi-jazz-festival-competition-2021","status":"publish","type":"post","link":"https:\/\/www.arteiasi.ro\/en\/iasi-jazz-festival-competition-2021\/","title":{"rendered":"Jazz Festival &#038; Competition Ia\u0219i 2021"},"content":{"rendered":"<blockquote>\n<p style=\"font-weight: 400;\"><b><strong>&#8220;Oricine are un poten\u0163ial creativ \u015fi, din momentul \u00een care \u00ee\u0163i exprimi acest poten\u0163ial creativ, ai \u015fansa s\u0103 schimbi lumea.&#8221;<\/strong><\/b> (Paulo Coelho)<\/p>\n<\/blockquote>\n<p style=\"font-weight: 400;\"><b><strong>Despre concurs<\/strong><\/b><b><strong>\u00a0\u00a0\u00a0\u00a0\u00a0\u00a0\u00a0\u00a0\u00a0\u00a0\u00a0\u00a0\u00a0\u00a0\u00a0\u00a0\u00a0\u00a0\u00a0<\/strong><\/b><\/p>\n<p style=\"font-weight: 400;\">\u201eEduca\u021bia \u00eenseamn\u0103 aprinderea unui foc.\u201d (W. B. Yeats)<\/p>\n<p style=\"font-weight: 400;\">Cu o tradi\u021bie de zece edi\u021bii de la \u00eenfiin\u021barea sa,\u00a0<em>Ia\u0219i Jazz Festival\u00a0<\/em><em>&amp;<\/em><em>\u00a0Competition (Edi\u021bia a XI-a)<\/em>\u00a0organizat de universitatea de muzic\u0103 ie\u0219ean\u0103 \u0219i-a revendicat, de-a lungul timpului, unicitatea printre manifest\u0103rile studen\u021be\u0219ti similare na\u021bionale prin componenta sa creatoare, de descoperire \u0219i confirmare a marilor \u00eenceputuri componistice. Dup\u0103 un antract de c\u00e2teva decenii, concursul revine la a XI-a edi\u021bie cu un nou concept, cu o adresabilitate extins\u0103, dar \u0219i posibilit\u0103\u021bi multiple de manifestare artistic\u0103 \u00een sfera muzicii de jazz.<\/p>\n<p style=\"font-weight: 400;\"><b><strong>Scop<\/strong><\/b><\/p>\n<p style=\"font-weight: 400;\">De\u0219i \u00een prima sa etap\u0103 abordeaz\u0103 anul acesta varianta de desf\u0103\u0219urare online,\u00a0<em>Ia\u0219i Jazz Festival\u00a0<\/em><em>&amp;<\/em><em>\u00a0Competition\u00a0<\/em>r\u0103m\u00e2ne ancorat \u00een concretul educa\u021bional artistic contemporan, reprezent\u00e2nd o ocazie de identificare \u0219i promovare a poten\u021bialului viitoarei genera\u021bii de muzicieni de jazz, viz\u00e2nd orientarea ei c\u0103tre educa\u021bia artistic\u0103 competent\u0103, c\u0103tre valorile veritabile, c\u0103tre profesionalism. De asemenea, ne dorim ca interesul pentru muzica de jazz \u00een r\u00e2ndul tinerilor s\u0103 provoace, \u00een timp, o deschidere a mediului educa\u021bional preuniversitar c\u0103tre extinderea curriculei \u0219colare prin includerea studiului jazz-ului \u00een cadrul disciplinelor op\u021bionale.<\/p>\n<p style=\"font-weight: 400;\"><b><strong>Cui ne adres\u0103m<\/strong><\/b><\/p>\n<p style=\"font-weight: 400;\">Dep\u0103\u0219ind limitele unui concurs cu orientare unic\u0103, de compozi\u021bie, proiectul este dedicat descoperirii poten\u021bialului tinerilor liceeni afla\u021bi \u00een demersul c\u0103ut\u0103rilor direc\u021biilor proprii \u00een domeniul muzicii de jazz, precum \u0219i stimul\u0103rii studen\u021bilor \u00een curs de afirmare, oferind mentorat de \u00eenalt\u0103 \u021binut\u0103 profesional\u0103, inspira\u021bie c\u0103tre noi oportunit\u0103\u021bi de studiu \u0219i perfec\u021bionare, conectarea cu fenomenul muzical actual, un mediu deschis c\u0103tre autentic. Provoc\u0103rile vor fi lansate tinerilor compozitori \u0219i interpre\u021bi din Rom\u00e2nia, prin extinderea grani\u021belor zonei academice c\u0103tre \u00eenv\u0103\u021b\u0103m\u00e2ntul preuniversitar voca\u021bional \u0219i non-formal.<\/p>\n<p style=\"font-weight: 400;\"><b><strong>De ce noi?<\/strong><\/b><\/p>\n<ul>\n<li style=\"font-weight: 400;\"><b><strong>Pentru p\u0103strarea tradi\u021biei.<\/strong><\/b>\u00a0Edi\u021biile anterioare, ce au lansat muzicieni \u00een domeniul jazz-ului cu notorietate la nivel na\u021bional \u0219i interna\u021bional, recomand\u0103 Universitatea Na\u021bional\u0103 de Muzic\u0103 \u201eGeorge Enescu\u201d din Ia\u0219i s\u0103 fie gazda unui concurs care s\u0103 readuc\u0103 \u00een lumina reflectoarelor muzica de jazz \u00eentr-o abordare contemporan\u0103, racordat\u0103 la fenomenul interna\u021bional de gen.<\/li>\n<li style=\"font-weight: 400;\"><b><strong>Pentru poten\u021bialul educa\u021bional.\u00a0<\/strong><\/b>Suntem una dintre cele dou\u0103 institu\u021bii universitare din \u021bar\u0103 ce de\u021bine un program de licen\u021b\u0103 cu specializare \u00een domeniul compozi\u021biei jazz \u0219i muzic\u0103 u\u0219oar\u0103, program sus\u021binut de muzicieni profesioni\u0219ti, experimenta\u021bi pe direc\u021bii multiple ale genului: jazz, muzic\u0103 u\u0219oar\u0103, pop, muzic\u0103 electronic\u0103, crea\u021bie media, procesarea sunetului. Concursul va promova aceea\u0219i deschidere c\u0103tre diversitate \u0219i inova\u021bie, oferind posibilitatea integr\u0103rii tinerilor \u00eentr-o comunitate cu valori artistice autentice.<\/li>\n<\/ul>\n<p style=\"font-weight: 400;\"><b><strong>Concept \u0219i desf\u0103\u0219urare<\/strong><\/b><\/p>\n<p style=\"font-weight: 400;\"><em>Ia\u0219i Jazz Festival\u00a0<\/em><em>&amp;<\/em><em>\u00a0Competition\u00a0<\/em>reprezint\u0103\u00a0<b><strong>prima etap\u0103<\/strong><\/b>\u00a0a unui eveniment ce se dore\u0219te a r\u0103m\u00e2ne emblematic pentru via\u021ba muzical\u0103 autohton\u0103,\u00a0<em>Ia\u0219i Jazz Festival<\/em>,<em>\u00a0<\/em>\u0219i\u00a0se adreseaz\u0103 tinerilor muzicieni (14-30 de ani)\u00a0\u00a0\u00eenscri\u0219i la o institu\u021bie\u00a0\u00a0acreditat\u0103 de Ministerul Educa\u021biei \u0219i Cercet\u0103rii sau de Ministerul Tineretului \u0219i Sportului. Concursul va cuprinde dou\u0103 sec\u021biuni:<\/p>\n<ul>\n<li style=\"font-weight: 400;\"><b><strong>Sec\u021biunea\u00a0<em>Compozi\u021bie Jazz<\/em><\/strong><\/b>\u00a0este destinat\u0103 tinerilor compozitori \u0219i crea\u021biilor acestora (originale sau aranjamente), concepute pentru instrument\/voce solo, pentru instrument\/voce solo \u0219i acompaniament instrumental\/vocal sau pentru orice tip de ansamblu vocal\/instrumental. De asemenea, suntem deschi\u0219i sonorit\u0103\u021bilor moderne, ob\u021binute prin utilizarea instrumentelor electronice, digitale, virtuale, tehnicilor\u00a0<em>sampling<\/em>, efectelor sonore de orice fel.<\/li>\n<li style=\"font-weight: 400;\"><b><strong>Sec\u021biunea Interpretare Jazz<\/strong><\/b>\u00a0(improviza\u021bie vocal\u0103 \/ instrumental\u0103) vizeaz\u0103 descoperirea \u0219i promovarea tinerilor interpre\u021bi de jazz, afla\u021bi la \u00eenceput de drum sau a\u0219eza\u021bi deja pe traseul ascendent al afirm\u0103rii. O component\u0103 aparte a concursului este dedicat\u0103\u00a0<b><strong>debutului interpretativ<\/strong><\/b>, deschis\u0103 aspiran\u021bilor din \u00eenv\u0103\u021b\u0103m\u00e2ntul preuniversitar\/non-formal afla\u021bi la \u00eenceput de drum \u00een deslu\u0219irea muzicii de jazz. Scopul ei este cel de a oferi cadrul unui prim contact cu acest stil, cu \u00eendrum\u0103rile muzicienilor\/profesorilor experimenta\u021bi din domeniu, de a forma conexiuni \u00eentre amatorii de gen, de a descoperi crea\u021bia rom\u00e2neasc\u0103 de jazz \u0219i activitatea celor mai importan\u021bi muzicieni rom\u00e2ni din diverse perioade \u0219i genurile abordate de ace\u0219tia. Organizatorii vor pune la dispozi\u021bia concuren\u021bilor \u00eenscri\u0219i la aceast\u0103 sec\u021biune o colec\u021bie generoas\u0103 de lucr\u0103ri din crea\u021bia de jazz a compozitorilor rom\u00e2ni (partituri \u0219i \u00eenregistr\u0103ri model), ce pot fi abordate cu u\u0219urin\u021b\u0103, ca atare sau prelucrate, \u00een formul\u0103 solo, duet sau grup.<\/li>\n<\/ul>\n<p style=\"font-weight: 400;\">Juriul\u00a0\u00a0concursului va fi format din personalit\u0103\u021bi proeminente din domeniul jazz-ului: muzicieni, jazzologi, realizatori de emisiuni radio-tv.<\/p>\n<p style=\"font-weight: 400;\">Lucr\u0103rile \u0219i soli\u0219tii premia\u021bi \u00een concurs vor fi prezen\u021bi \u00een\u00a0<b><strong>etapa a doua<\/strong><\/b>\u00a0a evenimentului, desf\u0103\u0219urat\u0103 sub forma unui\u00a0<b><strong>concert live<\/strong><\/b>\u00a0sub egida\u00a0<em>Ia\u0219i Jazz Festival<\/em>, pe scena c\u0103ruia laurea\u021bii vor evolua al\u0103turi de nume sonore ale jazz-ului rom\u00e2nesc.<\/p>\n<p style=\"font-weight: 400;\"><b><strong>\u00a0<\/strong><\/b><em>Ia\u0219i Jazz Festival\u00a0<\/em><em>&amp;<\/em><em>\u00a0Competition \u2013 prima etap\u0103\u00a0<\/em>se va desf\u0103\u0219ura \u00een perioada\u00a0<b><strong>14-15 iunie 2021<\/strong><\/b>, data urm\u0103toarei etape fiind anun\u021bat\u0103 ulterior de c\u0103tre organizatori.<\/p>\n<p style=\"font-weight: 400;\"><b><strong>Parteneri: <\/strong><\/b>Casa de Cultur\u0103 a Studen\u021bilor Ia\u0219i, Clubul de muzic\u0103 \u201eRichard Oschanitzky\u201d, Asocia\u021bia Industrii Creative<\/p>\n<p style=\"font-weight: 400;\"><b><strong>Email: <\/strong><\/b><a href=\"mailto:concurs.jazz@unage.ro\">concurs.jazz@unage.ro<\/a><\/p>\n","protected":false},"excerpt":{"rendered":"<p>&#8220;Oricine are un poten\u0163ial creativ \u015fi, din momentul \u00een care \u00ee\u0163i exprimi acest poten\u0163ial creativ, ai \u015fansa s\u0103 schimbi lumea.&#8221; (Paulo Coelho) Despre concurs\u00a0\u00a0\u00a0\u00a0\u00a0\u00a0\u00a0\u00a0\u00a0\u00a0\u00a0\u00a0\u00a0\u00a0\u00a0\u00a0\u00a0\u00a0\u00a0 \u201eEduca\u021bia \u00eenseamn\u0103 aprinderea unui foc.\u201d (W.  [&#8230;]<\/p>\n","protected":false},"author":2,"featured_media":7795,"comment_status":"closed","ping_status":"closed","sticky":false,"template":"","format":"standard","meta":{"inline_featured_image":false,"footnotes":""},"categories":[20],"tags":[],"class_list":["post-668","post","type-post","status-publish","format-standard","has-post-thumbnail","hentry","category-events"],"yoast_head":"<!-- This site is optimized with the Yoast SEO plugin v27.4 - https:\/\/yoast.com\/product\/yoast-seo-wordpress\/ -->\n<title>Jazz Festival &amp; Competition Ia\u0219i 2021 - Universitatea Na\u021bional\u0103 de Arte &quot;George Enescu&quot; Ia\u0219i<\/title>\n<meta name=\"robots\" content=\"index, follow, max-snippet:-1, max-image-preview:large, max-video-preview:-1\" \/>\n<link rel=\"canonical\" href=\"https:\/\/www.arteiasi.ro\/en\/iasi-jazz-festival-competition-2021\/\" \/>\n<meta property=\"og:locale\" content=\"en_US\" \/>\n<meta property=\"og:type\" content=\"article\" \/>\n<meta property=\"og:title\" content=\"Jazz Festival &amp; Competition Ia\u0219i 2021 - Universitatea Na\u021bional\u0103 de Arte &quot;George Enescu&quot; Ia\u0219i\" \/>\n<meta property=\"og:description\" content=\"&#8220;Oricine are un poten\u0163ial creativ \u015fi, din momentul \u00een care \u00ee\u0163i exprimi acest poten\u0163ial creativ, ai \u015fansa s\u0103 schimbi lumea.&#8221; (Paulo Coelho) Despre concurs\u00a0\u00a0\u00a0\u00a0\u00a0\u00a0\u00a0\u00a0\u00a0\u00a0\u00a0\u00a0\u00a0\u00a0\u00a0\u00a0\u00a0\u00a0\u00a0 \u201eEduca\u021bia \u00eenseamn\u0103 aprinderea unui foc.\u201d (W. [...]\" \/>\n<meta property=\"og:url\" content=\"https:\/\/www.arteiasi.ro\/en\/iasi-jazz-festival-competition-2021\/\" \/>\n<meta property=\"og:site_name\" content=\"Universitatea Na\u021bional\u0103 de Arte &quot;George Enescu&quot; Ia\u0219i\" \/>\n<meta property=\"article:published_time\" content=\"2021-10-05T09:58:44+00:00\" \/>\n<meta property=\"article:modified_time\" content=\"2022-06-02T17:32:17+00:00\" \/>\n<meta property=\"og:image\" content=\"https:\/\/www.arteiasi.ro\/wp-content\/uploads\/2022\/01\/jazz-unage-b.jpg\" \/>\n\t<meta property=\"og:image:width\" content=\"556\" \/>\n\t<meta property=\"og:image:height\" content=\"318\" \/>\n\t<meta property=\"og:image:type\" content=\"image\/jpeg\" \/>\n<meta name=\"author\" content=\"user1\" \/>\n<meta name=\"twitter:card\" content=\"summary_large_image\" \/>\n<script type=\"application\/ld+json\" class=\"yoast-schema-graph\">{\"@context\":\"https:\\\/\\\/schema.org\",\"@graph\":[{\"@type\":\"Article\",\"@id\":\"https:\\\/\\\/www.arteiasi.ro\\\/en\\\/iasi-jazz-festival-competition-2021\\\/#article\",\"isPartOf\":{\"@id\":\"https:\\\/\\\/www.arteiasi.ro\\\/en\\\/iasi-jazz-festival-competition-2021\\\/\"},\"author\":{\"name\":\"user1\",\"@id\":\"https:\\\/\\\/www.arteiasi.ro\\\/en\\\/#\\\/schema\\\/person\\\/06a03b4af445c16ccbfd71fa8473f00c\"},\"headline\":\"Jazz Festival &#038; Competition Ia\u0219i 2021\",\"datePublished\":\"2021-10-05T09:58:44+00:00\",\"dateModified\":\"2022-06-02T17:32:17+00:00\",\"mainEntityOfPage\":{\"@id\":\"https:\\\/\\\/www.arteiasi.ro\\\/en\\\/iasi-jazz-festival-competition-2021\\\/\"},\"wordCount\":908,\"image\":{\"@id\":\"https:\\\/\\\/www.arteiasi.ro\\\/en\\\/iasi-jazz-festival-competition-2021\\\/#primaryimage\"},\"thumbnailUrl\":\"https:\\\/\\\/www.arteiasi.ro\\\/wp-content\\\/uploads\\\/2022\\\/01\\\/jazz-unage-b.jpg\",\"articleSection\":[\"Events\"],\"inLanguage\":\"en-US\"},{\"@type\":\"WebPage\",\"@id\":\"https:\\\/\\\/www.arteiasi.ro\\\/en\\\/iasi-jazz-festival-competition-2021\\\/\",\"url\":\"https:\\\/\\\/www.arteiasi.ro\\\/en\\\/iasi-jazz-festival-competition-2021\\\/\",\"name\":\"Jazz Festival & Competition Ia\u0219i 2021 - Universitatea Na\u021bional\u0103 de Arte &quot;George Enescu&quot; Ia\u0219i\",\"isPartOf\":{\"@id\":\"https:\\\/\\\/www.arteiasi.ro\\\/en\\\/#website\"},\"primaryImageOfPage\":{\"@id\":\"https:\\\/\\\/www.arteiasi.ro\\\/en\\\/iasi-jazz-festival-competition-2021\\\/#primaryimage\"},\"image\":{\"@id\":\"https:\\\/\\\/www.arteiasi.ro\\\/en\\\/iasi-jazz-festival-competition-2021\\\/#primaryimage\"},\"thumbnailUrl\":\"https:\\\/\\\/www.arteiasi.ro\\\/wp-content\\\/uploads\\\/2022\\\/01\\\/jazz-unage-b.jpg\",\"datePublished\":\"2021-10-05T09:58:44+00:00\",\"dateModified\":\"2022-06-02T17:32:17+00:00\",\"author\":{\"@id\":\"https:\\\/\\\/www.arteiasi.ro\\\/en\\\/#\\\/schema\\\/person\\\/06a03b4af445c16ccbfd71fa8473f00c\"},\"breadcrumb\":{\"@id\":\"https:\\\/\\\/www.arteiasi.ro\\\/en\\\/iasi-jazz-festival-competition-2021\\\/#breadcrumb\"},\"inLanguage\":\"en-US\",\"potentialAction\":[{\"@type\":\"ReadAction\",\"target\":[\"https:\\\/\\\/www.arteiasi.ro\\\/en\\\/iasi-jazz-festival-competition-2021\\\/\"]}]},{\"@type\":\"ImageObject\",\"inLanguage\":\"en-US\",\"@id\":\"https:\\\/\\\/www.arteiasi.ro\\\/en\\\/iasi-jazz-festival-competition-2021\\\/#primaryimage\",\"url\":\"https:\\\/\\\/www.arteiasi.ro\\\/wp-content\\\/uploads\\\/2022\\\/01\\\/jazz-unage-b.jpg\",\"contentUrl\":\"https:\\\/\\\/www.arteiasi.ro\\\/wp-content\\\/uploads\\\/2022\\\/01\\\/jazz-unage-b.jpg\",\"width\":556,\"height\":318},{\"@type\":\"BreadcrumbList\",\"@id\":\"https:\\\/\\\/www.arteiasi.ro\\\/en\\\/iasi-jazz-festival-competition-2021\\\/#breadcrumb\",\"itemListElement\":[{\"@type\":\"ListItem\",\"position\":1,\"name\":\"Home\",\"item\":\"https:\\\/\\\/www.arteiasi.ro\\\/en\\\/\"},{\"@type\":\"ListItem\",\"position\":2,\"name\":\"Events\",\"item\":\"https:\\\/\\\/www.arteiasi.ro\\\/en\\\/category\\\/events\\\/\"},{\"@type\":\"ListItem\",\"position\":3,\"name\":\"Muzic\u0103\",\"item\":\"https:\\\/\\\/www.arteiasi.ro\\\/category\\\/evenimente\\\/muzica\\\/\"},{\"@type\":\"ListItem\",\"position\":4,\"name\":\"Jazz Festival &#038; Competition Ia\u0219i 2021\"}]},{\"@type\":\"WebSite\",\"@id\":\"https:\\\/\\\/www.arteiasi.ro\\\/en\\\/#website\",\"url\":\"https:\\\/\\\/www.arteiasi.ro\\\/en\\\/\",\"name\":\"Universitatea Na\u021bional\u0103 de Arte &quot;George Enescu&quot; Ia\u0219i\",\"description\":\"\",\"potentialAction\":[{\"@type\":\"SearchAction\",\"target\":{\"@type\":\"EntryPoint\",\"urlTemplate\":\"https:\\\/\\\/www.arteiasi.ro\\\/en\\\/?s={search_term_string}\"},\"query-input\":{\"@type\":\"PropertyValueSpecification\",\"valueRequired\":true,\"valueName\":\"search_term_string\"}}],\"inLanguage\":\"en-US\"},{\"@type\":\"Person\",\"@id\":\"https:\\\/\\\/www.arteiasi.ro\\\/en\\\/#\\\/schema\\\/person\\\/06a03b4af445c16ccbfd71fa8473f00c\",\"name\":\"user1\",\"url\":\"https:\\\/\\\/www.arteiasi.ro\\\/en\\\/author\\\/user1\\\/\"}]}<\/script>\n<!-- \/ Yoast SEO plugin. -->","yoast_head_json":{"title":"Jazz Festival & Competition Ia\u0219i 2021 - Universitatea Na\u021bional\u0103 de Arte &quot;George Enescu&quot; Ia\u0219i","robots":{"index":"index","follow":"follow","max-snippet":"max-snippet:-1","max-image-preview":"max-image-preview:large","max-video-preview":"max-video-preview:-1"},"canonical":"https:\/\/www.arteiasi.ro\/en\/iasi-jazz-festival-competition-2021\/","og_locale":"en_US","og_type":"article","og_title":"Jazz Festival & Competition Ia\u0219i 2021 - Universitatea Na\u021bional\u0103 de Arte &quot;George Enescu&quot; Ia\u0219i","og_description":"&#8220;Oricine are un poten\u0163ial creativ \u015fi, din momentul \u00een care \u00ee\u0163i exprimi acest poten\u0163ial creativ, ai \u015fansa s\u0103 schimbi lumea.&#8221; (Paulo Coelho) Despre concurs\u00a0\u00a0\u00a0\u00a0\u00a0\u00a0\u00a0\u00a0\u00a0\u00a0\u00a0\u00a0\u00a0\u00a0\u00a0\u00a0\u00a0\u00a0\u00a0 \u201eEduca\u021bia \u00eenseamn\u0103 aprinderea unui foc.\u201d (W. [...]","og_url":"https:\/\/www.arteiasi.ro\/en\/iasi-jazz-festival-competition-2021\/","og_site_name":"Universitatea Na\u021bional\u0103 de Arte &quot;George Enescu&quot; Ia\u0219i","article_published_time":"2021-10-05T09:58:44+00:00","article_modified_time":"2022-06-02T17:32:17+00:00","og_image":[{"width":556,"height":318,"url":"https:\/\/www.arteiasi.ro\/wp-content\/uploads\/2022\/01\/jazz-unage-b.jpg","type":"image\/jpeg"}],"author":"user1","twitter_card":"summary_large_image","schema":{"@context":"https:\/\/schema.org","@graph":[{"@type":"Article","@id":"https:\/\/www.arteiasi.ro\/en\/iasi-jazz-festival-competition-2021\/#article","isPartOf":{"@id":"https:\/\/www.arteiasi.ro\/en\/iasi-jazz-festival-competition-2021\/"},"author":{"name":"user1","@id":"https:\/\/www.arteiasi.ro\/en\/#\/schema\/person\/06a03b4af445c16ccbfd71fa8473f00c"},"headline":"Jazz Festival &#038; Competition Ia\u0219i 2021","datePublished":"2021-10-05T09:58:44+00:00","dateModified":"2022-06-02T17:32:17+00:00","mainEntityOfPage":{"@id":"https:\/\/www.arteiasi.ro\/en\/iasi-jazz-festival-competition-2021\/"},"wordCount":908,"image":{"@id":"https:\/\/www.arteiasi.ro\/en\/iasi-jazz-festival-competition-2021\/#primaryimage"},"thumbnailUrl":"https:\/\/www.arteiasi.ro\/wp-content\/uploads\/2022\/01\/jazz-unage-b.jpg","articleSection":["Events"],"inLanguage":"en-US"},{"@type":"WebPage","@id":"https:\/\/www.arteiasi.ro\/en\/iasi-jazz-festival-competition-2021\/","url":"https:\/\/www.arteiasi.ro\/en\/iasi-jazz-festival-competition-2021\/","name":"Jazz Festival & Competition Ia\u0219i 2021 - Universitatea Na\u021bional\u0103 de Arte &quot;George Enescu&quot; Ia\u0219i","isPartOf":{"@id":"https:\/\/www.arteiasi.ro\/en\/#website"},"primaryImageOfPage":{"@id":"https:\/\/www.arteiasi.ro\/en\/iasi-jazz-festival-competition-2021\/#primaryimage"},"image":{"@id":"https:\/\/www.arteiasi.ro\/en\/iasi-jazz-festival-competition-2021\/#primaryimage"},"thumbnailUrl":"https:\/\/www.arteiasi.ro\/wp-content\/uploads\/2022\/01\/jazz-unage-b.jpg","datePublished":"2021-10-05T09:58:44+00:00","dateModified":"2022-06-02T17:32:17+00:00","author":{"@id":"https:\/\/www.arteiasi.ro\/en\/#\/schema\/person\/06a03b4af445c16ccbfd71fa8473f00c"},"breadcrumb":{"@id":"https:\/\/www.arteiasi.ro\/en\/iasi-jazz-festival-competition-2021\/#breadcrumb"},"inLanguage":"en-US","potentialAction":[{"@type":"ReadAction","target":["https:\/\/www.arteiasi.ro\/en\/iasi-jazz-festival-competition-2021\/"]}]},{"@type":"ImageObject","inLanguage":"en-US","@id":"https:\/\/www.arteiasi.ro\/en\/iasi-jazz-festival-competition-2021\/#primaryimage","url":"https:\/\/www.arteiasi.ro\/wp-content\/uploads\/2022\/01\/jazz-unage-b.jpg","contentUrl":"https:\/\/www.arteiasi.ro\/wp-content\/uploads\/2022\/01\/jazz-unage-b.jpg","width":556,"height":318},{"@type":"BreadcrumbList","@id":"https:\/\/www.arteiasi.ro\/en\/iasi-jazz-festival-competition-2021\/#breadcrumb","itemListElement":[{"@type":"ListItem","position":1,"name":"Home","item":"https:\/\/www.arteiasi.ro\/en\/"},{"@type":"ListItem","position":2,"name":"Events","item":"https:\/\/www.arteiasi.ro\/en\/category\/events\/"},{"@type":"ListItem","position":3,"name":"Muzic\u0103","item":"https:\/\/www.arteiasi.ro\/category\/evenimente\/muzica\/"},{"@type":"ListItem","position":4,"name":"Jazz Festival &#038; Competition Ia\u0219i 2021"}]},{"@type":"WebSite","@id":"https:\/\/www.arteiasi.ro\/en\/#website","url":"https:\/\/www.arteiasi.ro\/en\/","name":"Universitatea Na\u021bional\u0103 de Arte &quot;George Enescu&quot; Ia\u0219i","description":"","potentialAction":[{"@type":"SearchAction","target":{"@type":"EntryPoint","urlTemplate":"https:\/\/www.arteiasi.ro\/en\/?s={search_term_string}"},"query-input":{"@type":"PropertyValueSpecification","valueRequired":true,"valueName":"search_term_string"}}],"inLanguage":"en-US"},{"@type":"Person","@id":"https:\/\/www.arteiasi.ro\/en\/#\/schema\/person\/06a03b4af445c16ccbfd71fa8473f00c","name":"user1","url":"https:\/\/www.arteiasi.ro\/en\/author\/user1\/"}]}},"_links":{"self":[{"href":"https:\/\/www.arteiasi.ro\/en\/wp-json\/wp\/v2\/posts\/668","targetHints":{"allow":["GET"]}}],"collection":[{"href":"https:\/\/www.arteiasi.ro\/en\/wp-json\/wp\/v2\/posts"}],"about":[{"href":"https:\/\/www.arteiasi.ro\/en\/wp-json\/wp\/v2\/types\/post"}],"author":[{"embeddable":true,"href":"https:\/\/www.arteiasi.ro\/en\/wp-json\/wp\/v2\/users\/2"}],"replies":[{"embeddable":true,"href":"https:\/\/www.arteiasi.ro\/en\/wp-json\/wp\/v2\/comments?post=668"}],"version-history":[{"count":3,"href":"https:\/\/www.arteiasi.ro\/en\/wp-json\/wp\/v2\/posts\/668\/revisions"}],"predecessor-version":[{"id":671,"href":"https:\/\/www.arteiasi.ro\/en\/wp-json\/wp\/v2\/posts\/668\/revisions\/671"}],"wp:featuredmedia":[{"embeddable":true,"href":"https:\/\/www.arteiasi.ro\/en\/wp-json\/wp\/v2\/media\/7795"}],"wp:attachment":[{"href":"https:\/\/www.arteiasi.ro\/en\/wp-json\/wp\/v2\/media?parent=668"}],"wp:term":[{"taxonomy":"category","embeddable":true,"href":"https:\/\/www.arteiasi.ro\/en\/wp-json\/wp\/v2\/categories?post=668"},{"taxonomy":"post_tag","embeddable":true,"href":"https:\/\/www.arteiasi.ro\/en\/wp-json\/wp\/v2\/tags?post=668"}],"curies":[{"name":"wp","href":"https:\/\/api.w.org\/{rel}","templated":true}]}}