{"id":11657,"date":"2023-05-05T16:21:31","date_gmt":"2023-05-05T16:21:31","guid":{"rendered":"https:\/\/www.arteiasi.ro\/trienala-internationala-de-arta-textila-texpoart-new-realities-editia-a-vi-a-2023\/"},"modified":"2023-05-09T12:28:31","modified_gmt":"2023-05-09T12:28:31","slug":"trienala-internationala-de-arta-textila-texpoart-new-realities-editia-a-vi-a-2023","status":"publish","type":"post","link":"https:\/\/www.arteiasi.ro\/en\/trienala-internationala-de-arta-textila-texpoart-new-realities-editia-a-vi-a-2023\/","title":{"rendered":"TexpoArt International Textile Art Triennial &#8211; NEW REALITIES"},"content":{"rendered":"<div class=\"fusion-fullwidth fullwidth-box fusion-builder-row-1 fusion-flex-container has-pattern-background has-mask-background nonhundred-percent-fullwidth non-hundred-percent-height-scrolling\" style=\"--awb-border-radius-top-left:0px;--awb-border-radius-top-right:0px;--awb-border-radius-bottom-right:0px;--awb-border-radius-bottom-left:0px;--awb-flex-wrap:wrap;\" ><div class=\"fusion-builder-row fusion-row fusion-flex-align-items-flex-start fusion-flex-content-wrap\" style=\"max-width:1222px;margin-left: calc(-4% \/ 2 );margin-right: calc(-4% \/ 2 );\"><div class=\"fusion-layout-column fusion_builder_column fusion-builder-column-0 fusion_builder_column_1_1 1_1 fusion-flex-column\" style=\"--awb-bg-size:cover;--awb-width-large:100%;--awb-margin-top-large:0px;--awb-spacing-right-large:1.92%;--awb-margin-bottom-large:20px;--awb-spacing-left-large:1.92%;--awb-width-medium:100%;--awb-order-medium:0;--awb-spacing-right-medium:1.92%;--awb-spacing-left-medium:1.92%;--awb-width-small:100%;--awb-order-small:0;--awb-spacing-right-small:1.92%;--awb-spacing-left-small:1.92%;\"><div class=\"fusion-column-wrapper fusion-column-has-shadow fusion-flex-justify-content-flex-start fusion-content-layout-column\"><div class=\"fusion-text fusion-text-1\"><h5><strong><img decoding=\"async\" class=\"wp-image-11625 alignright\" src=\"https:\/\/www.arteiasi.ro\/wp-content\/uploads\/2023\/05\/texpoart_afis-724x1024.jpg\" alt=\"\" width=\"355\" height=\"502\" srcset=\"https:\/\/www.arteiasi.ro\/wp-content\/uploads\/2023\/05\/texpoart_afis-200x283.jpg 200w, https:\/\/www.arteiasi.ro\/wp-content\/uploads\/2023\/05\/texpoart_afis-212x300.jpg 212w, https:\/\/www.arteiasi.ro\/wp-content\/uploads\/2023\/05\/texpoart_afis-400x566.jpg 400w, https:\/\/www.arteiasi.ro\/wp-content\/uploads\/2023\/05\/texpoart_afis-600x848.jpg 600w, https:\/\/www.arteiasi.ro\/wp-content\/uploads\/2023\/05\/texpoart_afis-724x1024.jpg 724w, https:\/\/www.arteiasi.ro\/wp-content\/uploads\/2023\/05\/texpoart_afis-768x1086.jpg 768w, https:\/\/www.arteiasi.ro\/wp-content\/uploads\/2023\/05\/texpoart_afis-800x1131.jpg 800w, https:\/\/www.arteiasi.ro\/wp-content\/uploads\/2023\/05\/texpoart_afis-1086x1536.jpg 1086w, https:\/\/www.arteiasi.ro\/wp-content\/uploads\/2023\/05\/texpoart_afis-1200x1697.jpg 1200w, https:\/\/www.arteiasi.ro\/wp-content\/uploads\/2023\/05\/texpoart_afis.jpg 1358w\" sizes=\"(max-width: 355px) 100vw, 355px\" \/><\/strong><\/h5>\n<p>Under the auspices of the \u201cGeorge Enescu\u201d National University of Arts, in collaboration with the Union of Visual Artists from Romania and the City Hall of Ia\u0219i, <em>TexpoArt <\/em>has become a reference event, a landmark in international artistic and cultural life. The International Triennial of Textile Art \u2013 <em>TexpoArt<\/em> will be hosted between 10-30 May 2023 by three renowned art galleries from Ia\u0219i (\u201cNicolae Tonitza\u201d and \u201cTheodor Pallady\u201d Art Galleries (https:\/\/uapriasi.ro\/galerii\/) and at the \u201cAparte\u201d Art Gallery (<a href=\"https:\/\/aparte.arteiasi.ro\/\">https:\/\/aparte.arteiasi.ro\/<\/a>)<\/p>\n<p>We invite you to take part at the official opening of the Triennale, which will take place on May 11, 2023, at 1:00 p.m. at the \u201dAparte\u201d Art Gallery of the \u201cGeorge Enescu\u201d National University of Art Ia\u0219i (Codreanu Street, no. 6). The exhibition is presented by PhD. Miruna Ha\u0219egan, curator of the event and art critic PhD. Maria Bilasevschi.<\/p>\n<p><strong>Event coordinator: PhD. Miruna Ha\u015fegan<\/strong><\/p>\n<p>Event organizers from <a href=\"https:\/\/www.arteiasi.ro\">Faculty of Visual Arts and Design<\/a>: Cornelia Brustureanu, Ecaterina Marghidan, Cristina H\u00eer\u0163escu, M\u0103d\u0103lina Vieriu, Raluca Simona Loghin, Cristina Sasu.<\/p>\n<\/div><div class=\"fusion-separator fusion-full-width-sep\" style=\"align-self: center;margin-left: auto;margin-right: auto;margin-top:0px;margin-bottom:15px;width:100%;\"><div class=\"fusion-separator-border sep-single sep-solid\" style=\"--awb-height:20px;--awb-amount:20px;--awb-sep-color:rgba(199,194,188,0.6);border-color:rgba(199,194,188,0.6);border-top-width:1px;\"><\/div><\/div><div class=\"fusion-text fusion-text-2\"><p>The <em>TexpoArt<\/em> International Triennial of Textile Art aims to create cultural-artistic relations by promoting the \u201cGeorge Enescu\u201d National University of Arts from Ia\u0219i worldwide. The event, now in its 6th edition, is a certification of the importance and recognition of artistic education in Ia\u0219i. Artists from 24 countries signed up for this year\u2019s edition (Canada, Poland, South Korea, France, India, Germany, Spain, Austria, Australia, Switzerland, Great Britain, USA, Italy, Czech Republic, Republic of Moldova, Slovakia, Finland, Croatia, Denmark, Sweden, Norway, Belgium, and Romania). The <em>TexpoArt <\/em>International Triennial of Textile Art is a remarkable event, unique in this country due to its scope and importance. Once every three years, the general public, students and professionals in the artistic field have the opportunity to see works created in innovative materials and techniques, resulted from themes of artistic creation from the farthest corners around the world. New opportunities for international collaboration and mutual promotion are thus created for all artistic fields under the institution\u2019s tutelage.<\/p>\n<p>This event, which is unique in this country due to its amplitude, represents the opportunity to show off the diversity, multiculturalism and plurivalences that textile arts can have. Through this triennial event, Ia\u0219i is put on the map of big cities, cultural centers that offer opportunities to young artists, creating an environment conducive to dialogue and socio-cultural development. The previous editions of the TexpoArt International Triennial of Textile Art brought together over 300 artists who exhibited their works on the streets of the city of Ia\u0219i, in various prestigious locations: the <em>Cupola<\/em> and <em>Nicolae Tonitza<\/em> Art Galleries (2008 and 2011), \u00a0the <em>Mihai Eminescu<\/em> Royal Foundation Galleries (2014), the <em>Universitas<\/em> Art Gallery of \u00a0the \u201dGeorge Enescu\u201d National University of Arts (2017), the <em>Victoria<\/em> and <em>Theodor Pallady <\/em>of \u00a0Visual Artists Union from Romania \u2013 Ia\u0219i (2020). This year, the <em>TexpoArt<\/em> International Triennial of Textile Art has NEW REALITIES as theme, representing an artistic manifestation of the way of personal perception of the current geo-political situations. Transposed into textiles, the creative adaptation efforts assume bold and unconventional approaches, overcoming the limits of traditionalism, as a technique and as a system of compositional organization, which capture the dynamics and transformations of the contemporary world in the artistic adventure of creation. Artists from four continents are attending this edition, each of them bringing their own technical and conceptual approach to the proposed research thematic. Reference names from the textile field from Romania and from major university centers have joined world-renowned personalities.<\/p>\n<\/div><\/div><\/div><\/div><\/div>\n","protected":false},"excerpt":{"rendered":"","protected":false},"author":4,"featured_media":11628,"comment_status":"closed","ping_status":"closed","sticky":false,"template":"","format":"standard","meta":{"inline_featured_image":false,"footnotes":""},"categories":[20,91,92,93],"tags":[94],"class_list":["post-11657","post","type-post","status-publish","format-standard","has-post-thumbnail","hentry","category-events","category-are-vizuale-unage-en","category-arte-vizuale-en","category-evenimente-periodice-en","tag-trienala-internationala-de-arte-textile-en"],"yoast_head":"<!-- This site is optimized with the Yoast SEO plugin v27.4 - https:\/\/yoast.com\/product\/yoast-seo-wordpress\/ -->\n<title>TexpoArt International Textile Art Triennial - NEW REALITIES - Universitatea Na\u021bional\u0103 de Arte &quot;George Enescu&quot; Ia\u0219i<\/title>\n<meta name=\"robots\" content=\"index, follow, max-snippet:-1, max-image-preview:large, max-video-preview:-1\" \/>\n<link rel=\"canonical\" href=\"https:\/\/www.arteiasi.ro\/en\/trienala-internationala-de-arta-textila-texpoart-new-realities-editia-a-vi-a-2023\/\" \/>\n<meta property=\"og:locale\" content=\"en_US\" \/>\n<meta property=\"og:type\" content=\"article\" \/>\n<meta property=\"og:title\" content=\"TexpoArt International Textile Art Triennial - NEW REALITIES - Universitatea Na\u021bional\u0103 de Arte &quot;George Enescu&quot; Ia\u0219i\" \/>\n<meta property=\"og:url\" content=\"https:\/\/www.arteiasi.ro\/en\/trienala-internationala-de-arta-textila-texpoart-new-realities-editia-a-vi-a-2023\/\" \/>\n<meta property=\"og:site_name\" content=\"Universitatea Na\u021bional\u0103 de Arte &quot;George Enescu&quot; Ia\u0219i\" \/>\n<meta property=\"article:published_time\" content=\"2023-05-05T16:21:31+00:00\" \/>\n<meta property=\"article:modified_time\" content=\"2023-05-09T12:28:31+00:00\" \/>\n<meta property=\"og:image\" content=\"https:\/\/www.arteiasi.ro\/wp-content\/uploads\/2023\/05\/texpoart_cover.jpg\" \/>\n\t<meta property=\"og:image:width\" content=\"533\" \/>\n\t<meta property=\"og:image:height\" content=\"318\" \/>\n\t<meta property=\"og:image:type\" content=\"image\/jpeg\" \/>\n<meta name=\"author\" content=\"Victor Danila\" \/>\n<meta name=\"twitter:card\" content=\"summary_large_image\" \/>\n<script type=\"application\/ld+json\" class=\"yoast-schema-graph\">{\"@context\":\"https:\\\/\\\/schema.org\",\"@graph\":[{\"@type\":\"Article\",\"@id\":\"https:\\\/\\\/www.arteiasi.ro\\\/en\\\/trienala-internationala-de-arta-textila-texpoart-new-realities-editia-a-vi-a-2023\\\/#article\",\"isPartOf\":{\"@id\":\"https:\\\/\\\/www.arteiasi.ro\\\/en\\\/trienala-internationala-de-arta-textila-texpoart-new-realities-editia-a-vi-a-2023\\\/\"},\"author\":{\"name\":\"Victor Danila\",\"@id\":\"https:\\\/\\\/www.arteiasi.ro\\\/en\\\/#\\\/schema\\\/person\\\/40c34d28c997e12b6b6119ae81a083cb\"},\"headline\":\"TexpoArt International Textile Art Triennial &#8211; NEW REALITIES\",\"datePublished\":\"2023-05-05T16:21:31+00:00\",\"dateModified\":\"2023-05-09T12:28:31+00:00\",\"mainEntityOfPage\":{\"@id\":\"https:\\\/\\\/www.arteiasi.ro\\\/en\\\/trienala-internationala-de-arta-textila-texpoart-new-realities-editia-a-vi-a-2023\\\/\"},\"wordCount\":1364,\"image\":{\"@id\":\"https:\\\/\\\/www.arteiasi.ro\\\/en\\\/trienala-internationala-de-arta-textila-texpoart-new-realities-editia-a-vi-a-2023\\\/#primaryimage\"},\"thumbnailUrl\":\"https:\\\/\\\/www.arteiasi.ro\\\/wp-content\\\/uploads\\\/2023\\\/05\\\/texpoart_cover.jpg\",\"keywords\":[\"Texpoart\"],\"articleSection\":[\"Events\",\"Are Vizuale UNAGE\",\"Arte vizuale\",\"Evenimente periodice\"],\"inLanguage\":\"en-US\"},{\"@type\":\"WebPage\",\"@id\":\"https:\\\/\\\/www.arteiasi.ro\\\/en\\\/trienala-internationala-de-arta-textila-texpoart-new-realities-editia-a-vi-a-2023\\\/\",\"url\":\"https:\\\/\\\/www.arteiasi.ro\\\/en\\\/trienala-internationala-de-arta-textila-texpoart-new-realities-editia-a-vi-a-2023\\\/\",\"name\":\"TexpoArt International Textile Art Triennial - NEW REALITIES - Universitatea Na\u021bional\u0103 de Arte &quot;George Enescu&quot; Ia\u0219i\",\"isPartOf\":{\"@id\":\"https:\\\/\\\/www.arteiasi.ro\\\/en\\\/#website\"},\"primaryImageOfPage\":{\"@id\":\"https:\\\/\\\/www.arteiasi.ro\\\/en\\\/trienala-internationala-de-arta-textila-texpoart-new-realities-editia-a-vi-a-2023\\\/#primaryimage\"},\"image\":{\"@id\":\"https:\\\/\\\/www.arteiasi.ro\\\/en\\\/trienala-internationala-de-arta-textila-texpoart-new-realities-editia-a-vi-a-2023\\\/#primaryimage\"},\"thumbnailUrl\":\"https:\\\/\\\/www.arteiasi.ro\\\/wp-content\\\/uploads\\\/2023\\\/05\\\/texpoart_cover.jpg\",\"datePublished\":\"2023-05-05T16:21:31+00:00\",\"dateModified\":\"2023-05-09T12:28:31+00:00\",\"author\":{\"@id\":\"https:\\\/\\\/www.arteiasi.ro\\\/en\\\/#\\\/schema\\\/person\\\/40c34d28c997e12b6b6119ae81a083cb\"},\"breadcrumb\":{\"@id\":\"https:\\\/\\\/www.arteiasi.ro\\\/en\\\/trienala-internationala-de-arta-textila-texpoart-new-realities-editia-a-vi-a-2023\\\/#breadcrumb\"},\"inLanguage\":\"en-US\",\"potentialAction\":[{\"@type\":\"ReadAction\",\"target\":[\"https:\\\/\\\/www.arteiasi.ro\\\/en\\\/trienala-internationala-de-arta-textila-texpoart-new-realities-editia-a-vi-a-2023\\\/\"]}]},{\"@type\":\"ImageObject\",\"inLanguage\":\"en-US\",\"@id\":\"https:\\\/\\\/www.arteiasi.ro\\\/en\\\/trienala-internationala-de-arta-textila-texpoart-new-realities-editia-a-vi-a-2023\\\/#primaryimage\",\"url\":\"https:\\\/\\\/www.arteiasi.ro\\\/wp-content\\\/uploads\\\/2023\\\/05\\\/texpoart_cover.jpg\",\"contentUrl\":\"https:\\\/\\\/www.arteiasi.ro\\\/wp-content\\\/uploads\\\/2023\\\/05\\\/texpoart_cover.jpg\",\"width\":533,\"height\":318},{\"@type\":\"BreadcrumbList\",\"@id\":\"https:\\\/\\\/www.arteiasi.ro\\\/en\\\/trienala-internationala-de-arta-textila-texpoart-new-realities-editia-a-vi-a-2023\\\/#breadcrumb\",\"itemListElement\":[{\"@type\":\"ListItem\",\"position\":1,\"name\":\"Home\",\"item\":\"https:\\\/\\\/www.arteiasi.ro\\\/en\\\/\"},{\"@type\":\"ListItem\",\"position\":2,\"name\":\"Events\",\"item\":\"https:\\\/\\\/www.arteiasi.ro\\\/en\\\/category\\\/events\\\/\"},{\"@type\":\"ListItem\",\"position\":3,\"name\":\"Arte vizuale\",\"item\":\"https:\\\/\\\/www.arteiasi.ro\\\/en\\\/category\\\/arte-vizuale-en\\\/\"},{\"@type\":\"ListItem\",\"position\":4,\"name\":\"TexpoArt International Textile Art Triennial &#8211; NEW REALITIES\"}]},{\"@type\":\"WebSite\",\"@id\":\"https:\\\/\\\/www.arteiasi.ro\\\/en\\\/#website\",\"url\":\"https:\\\/\\\/www.arteiasi.ro\\\/en\\\/\",\"name\":\"Universitatea Na\u021bional\u0103 de Arte &quot;George Enescu&quot; Ia\u0219i\",\"description\":\"\",\"potentialAction\":[{\"@type\":\"SearchAction\",\"target\":{\"@type\":\"EntryPoint\",\"urlTemplate\":\"https:\\\/\\\/www.arteiasi.ro\\\/en\\\/?s={search_term_string}\"},\"query-input\":{\"@type\":\"PropertyValueSpecification\",\"valueRequired\":true,\"valueName\":\"search_term_string\"}}],\"inLanguage\":\"en-US\"},{\"@type\":\"Person\",\"@id\":\"https:\\\/\\\/www.arteiasi.ro\\\/en\\\/#\\\/schema\\\/person\\\/40c34d28c997e12b6b6119ae81a083cb\",\"name\":\"Victor Danila\",\"url\":\"https:\\\/\\\/www.arteiasi.ro\\\/en\\\/author\\\/victor\\\/\"}]}<\/script>\n<!-- \/ Yoast SEO plugin. -->","yoast_head_json":{"title":"TexpoArt International Textile Art Triennial - NEW REALITIES - Universitatea Na\u021bional\u0103 de Arte &quot;George Enescu&quot; Ia\u0219i","robots":{"index":"index","follow":"follow","max-snippet":"max-snippet:-1","max-image-preview":"max-image-preview:large","max-video-preview":"max-video-preview:-1"},"canonical":"https:\/\/www.arteiasi.ro\/en\/trienala-internationala-de-arta-textila-texpoart-new-realities-editia-a-vi-a-2023\/","og_locale":"en_US","og_type":"article","og_title":"TexpoArt International Textile Art Triennial - NEW REALITIES - Universitatea Na\u021bional\u0103 de Arte &quot;George Enescu&quot; Ia\u0219i","og_url":"https:\/\/www.arteiasi.ro\/en\/trienala-internationala-de-arta-textila-texpoart-new-realities-editia-a-vi-a-2023\/","og_site_name":"Universitatea Na\u021bional\u0103 de Arte &quot;George Enescu&quot; Ia\u0219i","article_published_time":"2023-05-05T16:21:31+00:00","article_modified_time":"2023-05-09T12:28:31+00:00","og_image":[{"width":533,"height":318,"url":"https:\/\/www.arteiasi.ro\/wp-content\/uploads\/2023\/05\/texpoart_cover.jpg","type":"image\/jpeg"}],"author":"Victor Danila","twitter_card":"summary_large_image","schema":{"@context":"https:\/\/schema.org","@graph":[{"@type":"Article","@id":"https:\/\/www.arteiasi.ro\/en\/trienala-internationala-de-arta-textila-texpoart-new-realities-editia-a-vi-a-2023\/#article","isPartOf":{"@id":"https:\/\/www.arteiasi.ro\/en\/trienala-internationala-de-arta-textila-texpoart-new-realities-editia-a-vi-a-2023\/"},"author":{"name":"Victor Danila","@id":"https:\/\/www.arteiasi.ro\/en\/#\/schema\/person\/40c34d28c997e12b6b6119ae81a083cb"},"headline":"TexpoArt International Textile Art Triennial &#8211; NEW REALITIES","datePublished":"2023-05-05T16:21:31+00:00","dateModified":"2023-05-09T12:28:31+00:00","mainEntityOfPage":{"@id":"https:\/\/www.arteiasi.ro\/en\/trienala-internationala-de-arta-textila-texpoart-new-realities-editia-a-vi-a-2023\/"},"wordCount":1364,"image":{"@id":"https:\/\/www.arteiasi.ro\/en\/trienala-internationala-de-arta-textila-texpoart-new-realities-editia-a-vi-a-2023\/#primaryimage"},"thumbnailUrl":"https:\/\/www.arteiasi.ro\/wp-content\/uploads\/2023\/05\/texpoart_cover.jpg","keywords":["Texpoart"],"articleSection":["Events","Are Vizuale UNAGE","Arte vizuale","Evenimente periodice"],"inLanguage":"en-US"},{"@type":"WebPage","@id":"https:\/\/www.arteiasi.ro\/en\/trienala-internationala-de-arta-textila-texpoart-new-realities-editia-a-vi-a-2023\/","url":"https:\/\/www.arteiasi.ro\/en\/trienala-internationala-de-arta-textila-texpoart-new-realities-editia-a-vi-a-2023\/","name":"TexpoArt International Textile Art Triennial - NEW REALITIES - Universitatea Na\u021bional\u0103 de Arte &quot;George Enescu&quot; Ia\u0219i","isPartOf":{"@id":"https:\/\/www.arteiasi.ro\/en\/#website"},"primaryImageOfPage":{"@id":"https:\/\/www.arteiasi.ro\/en\/trienala-internationala-de-arta-textila-texpoart-new-realities-editia-a-vi-a-2023\/#primaryimage"},"image":{"@id":"https:\/\/www.arteiasi.ro\/en\/trienala-internationala-de-arta-textila-texpoart-new-realities-editia-a-vi-a-2023\/#primaryimage"},"thumbnailUrl":"https:\/\/www.arteiasi.ro\/wp-content\/uploads\/2023\/05\/texpoart_cover.jpg","datePublished":"2023-05-05T16:21:31+00:00","dateModified":"2023-05-09T12:28:31+00:00","author":{"@id":"https:\/\/www.arteiasi.ro\/en\/#\/schema\/person\/40c34d28c997e12b6b6119ae81a083cb"},"breadcrumb":{"@id":"https:\/\/www.arteiasi.ro\/en\/trienala-internationala-de-arta-textila-texpoart-new-realities-editia-a-vi-a-2023\/#breadcrumb"},"inLanguage":"en-US","potentialAction":[{"@type":"ReadAction","target":["https:\/\/www.arteiasi.ro\/en\/trienala-internationala-de-arta-textila-texpoart-new-realities-editia-a-vi-a-2023\/"]}]},{"@type":"ImageObject","inLanguage":"en-US","@id":"https:\/\/www.arteiasi.ro\/en\/trienala-internationala-de-arta-textila-texpoart-new-realities-editia-a-vi-a-2023\/#primaryimage","url":"https:\/\/www.arteiasi.ro\/wp-content\/uploads\/2023\/05\/texpoart_cover.jpg","contentUrl":"https:\/\/www.arteiasi.ro\/wp-content\/uploads\/2023\/05\/texpoart_cover.jpg","width":533,"height":318},{"@type":"BreadcrumbList","@id":"https:\/\/www.arteiasi.ro\/en\/trienala-internationala-de-arta-textila-texpoart-new-realities-editia-a-vi-a-2023\/#breadcrumb","itemListElement":[{"@type":"ListItem","position":1,"name":"Home","item":"https:\/\/www.arteiasi.ro\/en\/"},{"@type":"ListItem","position":2,"name":"Events","item":"https:\/\/www.arteiasi.ro\/en\/category\/events\/"},{"@type":"ListItem","position":3,"name":"Arte vizuale","item":"https:\/\/www.arteiasi.ro\/en\/category\/arte-vizuale-en\/"},{"@type":"ListItem","position":4,"name":"TexpoArt International Textile Art Triennial &#8211; NEW REALITIES"}]},{"@type":"WebSite","@id":"https:\/\/www.arteiasi.ro\/en\/#website","url":"https:\/\/www.arteiasi.ro\/en\/","name":"Universitatea Na\u021bional\u0103 de Arte &quot;George Enescu&quot; Ia\u0219i","description":"","potentialAction":[{"@type":"SearchAction","target":{"@type":"EntryPoint","urlTemplate":"https:\/\/www.arteiasi.ro\/en\/?s={search_term_string}"},"query-input":{"@type":"PropertyValueSpecification","valueRequired":true,"valueName":"search_term_string"}}],"inLanguage":"en-US"},{"@type":"Person","@id":"https:\/\/www.arteiasi.ro\/en\/#\/schema\/person\/40c34d28c997e12b6b6119ae81a083cb","name":"Victor Danila","url":"https:\/\/www.arteiasi.ro\/en\/author\/victor\/"}]}},"_links":{"self":[{"href":"https:\/\/www.arteiasi.ro\/en\/wp-json\/wp\/v2\/posts\/11657","targetHints":{"allow":["GET"]}}],"collection":[{"href":"https:\/\/www.arteiasi.ro\/en\/wp-json\/wp\/v2\/posts"}],"about":[{"href":"https:\/\/www.arteiasi.ro\/en\/wp-json\/wp\/v2\/types\/post"}],"author":[{"embeddable":true,"href":"https:\/\/www.arteiasi.ro\/en\/wp-json\/wp\/v2\/users\/4"}],"replies":[{"embeddable":true,"href":"https:\/\/www.arteiasi.ro\/en\/wp-json\/wp\/v2\/comments?post=11657"}],"version-history":[{"count":2,"href":"https:\/\/www.arteiasi.ro\/en\/wp-json\/wp\/v2\/posts\/11657\/revisions"}],"predecessor-version":[{"id":11660,"href":"https:\/\/www.arteiasi.ro\/en\/wp-json\/wp\/v2\/posts\/11657\/revisions\/11660"}],"wp:featuredmedia":[{"embeddable":true,"href":"https:\/\/www.arteiasi.ro\/en\/wp-json\/wp\/v2\/media\/11628"}],"wp:attachment":[{"href":"https:\/\/www.arteiasi.ro\/en\/wp-json\/wp\/v2\/media?parent=11657"}],"wp:term":[{"taxonomy":"category","embeddable":true,"href":"https:\/\/www.arteiasi.ro\/en\/wp-json\/wp\/v2\/categories?post=11657"},{"taxonomy":"post_tag","embeddable":true,"href":"https:\/\/www.arteiasi.ro\/en\/wp-json\/wp\/v2\/tags?post=11657"}],"curies":[{"name":"wp","href":"https:\/\/api.w.org\/{rel}","templated":true}]}}